{"id":20616,"date":"2026-04-14T22:18:23","date_gmt":"2026-04-14T22:18:23","guid":{"rendered":"https:\/\/memoriasdeumadvogado.com\/?p=20616"},"modified":"2026-04-14T22:18:41","modified_gmt":"2026-04-14T22:18:41","slug":"assuntos-que-entram-no-radar","status":"publish","type":"post","link":"https:\/\/memoriasdeumadvogado.com\/?p=20616","title":{"rendered":"Assuntos que entram no radar"},"content":{"rendered":"<p><a href=\"https:\/\/memoriasdeumadvogado.com\/?attachment_id=20620\" rel=\"attachment wp-att-20620\"><img loading=\"lazy\" decoding=\"async\" class=\"size-medium wp-image-20620\" src=\"https:\/\/memoriasdeumadvogado.com\/wp-content\/uploads\/2026\/04\/Mas-linguas-600x344.png\" alt=\"\" width=\"600\" height=\"344\" srcset=\"https:\/\/memoriasdeumadvogado.com\/wp-content\/uploads\/2026\/04\/Mas-linguas-600x344.png 600w, https:\/\/memoriasdeumadvogado.com\/wp-content\/uploads\/2026\/04\/Mas-linguas-768x440.png 768w, https:\/\/memoriasdeumadvogado.com\/wp-content\/uploads\/2026\/04\/Mas-linguas-500x286.png 500w, https:\/\/memoriasdeumadvogado.com\/wp-content\/uploads\/2026\/04\/Mas-linguas.png 929w\" sizes=\"auto, (max-width: 600px) 100vw, 600px\" \/><\/a><\/p>\n<blockquote><p>&nbsp;<\/p>\n<p><strong><span style=\"color: #33cccc;\">\u201c<em>O que perturba os homens n\u00e3o s\u00e3o<\/em>\u00a0as\u00a0<em>coisas<\/em>, e sim as opini\u00f5es que eles t\u00eam em rela\u00e7\u00e3o \u00e0s\u00a0<em>coisas<\/em>.\u201d -Epicteto<\/span><\/strong><\/p><\/blockquote>\n<p>&#x1f4e3;Onde voc\u00ea encontra seu ref\u00fagio? Quem \u00e9 seu colo?<\/p>\n<p>&#x1f926;&#x1f3fb;&#x200d;&#x2640;&#xfe0f;Que rea\u00e7\u00f5es marcaram a forma de voce vIver A VIDA?<\/p>\n<p>&#x1f4d3;&#8221;O passado \u00e9 meu algoz, n\u00e3o me permite o retorno, mas o presente levanta generosamente meu semblante desca\u00eddo e me faz enxergar que n\u00e3o posso mudar o que fui, mas posso construir o que serei&#8221;.Augusto Jorge Cury<\/p>\n<p>&#x1f4d6;\u00caxito e derrota s\u00e3o duas bandejas que ret\u00eam mat\u00e9rias-primas diferentes, mas que nos conduzem ao mesmo legado sublime, o aprendizado&#8221;.<\/p>\n<p>&#x1f4e2;<span class=\"T286Pc\" data-sfc-cp=\"\" data-sfc-root=\"c\" data-sfc-cb=\"\" data-processed=\"true\"><strong class=\"Yjhzub\" data-sfc-root=\"c\" data-sfc-cb=\"\" data-processed=\"true\">Escravid\u00e3o Emocional:<\/strong>\u00a0Condicionar a felicidade a um ambiente perfeito (sem problemas, frustra\u00e7\u00f5es ou perdas) \u00e9 entregar o controle da sua paz a fatores que voc\u00ea n\u00e3o controla.<\/span><\/p>\n<p>&#x1f50a;<span class=\"T286Pc\" data-sfc-cp=\"\" data-sfc-root=\"c\" data-sfc-cb=\"\" data-processed=\"true\"><strong class=\"Yjhzub\" data-sfc-root=\"c\" data-sfc-cb=\"\" data-processed=\"true\">Protagonismo:<\/strong>\u00a0Ser livre \u00e9 tornar-se autor da pr\u00f3pria hist\u00f3ria, n\u00e3o permitindo que as dificuldades do dia a dia ditem o seu estado de esp\u00edrito.<\/span><span class=\"uJ19be notranslate\" data-sfc-root=\"c\" data-wiz-uids=\"BC8TBd_18,BC8TBd_19\" data-sfc-cb=\"\" data-processed=\"true\"><span class=\"vKEkVd\" data-animation-atomic=\"\" data-wiz-attrbind=\"class=BC8TBd_17\/TKHnVd\" data-processed=\"true\"><span aria-hidden=\"true\" data-processed=\"true\">\u00a0<\/span><\/span><\/span><\/p>\n<blockquote>\n<p style=\"text-align: center;\"><strong><span style=\"color: #33cccc;\">Quando o porqu\u00ea \u00e9 forte, o como aparece.<\/span><\/strong><\/p>\n<\/blockquote>\n<p>&#x1f449;&#x1f3fb;&#x1f449;&#x1f3fb;<strong><span style=\"color: #0000ff;\">https:\/\/drauziovarella.uol.com.br\/neurologia\/brain-rot-o-seu-cerebro-esta-apodrecendo\/<\/span><\/strong><a href=\"https:\/\/memoriasdeumadvogado.com\/?attachment_id=20626\" rel=\"attachment wp-att-20626\"><img loading=\"lazy\" decoding=\"async\" class=\"alignnone size-medium wp-image-20626\" src=\"https:\/\/memoriasdeumadvogado.com\/wp-content\/uploads\/2026\/04\/Prazeres-600x370.png\" alt=\"\" width=\"600\" height=\"370\" srcset=\"https:\/\/memoriasdeumadvogado.com\/wp-content\/uploads\/2026\/04\/Prazeres-600x370.png 600w, https:\/\/memoriasdeumadvogado.com\/wp-content\/uploads\/2026\/04\/Prazeres-768x474.png 768w, https:\/\/memoriasdeumadvogado.com\/wp-content\/uploads\/2026\/04\/Prazeres-486x300.png 486w, https:\/\/memoriasdeumadvogado.com\/wp-content\/uploads\/2026\/04\/Prazeres.png 1146w\" sizes=\"auto, (max-width: 600px) 100vw, 600px\" \/><\/a><\/p>\n<p><iframe loading=\"lazy\" title=\"Nanda Garcia -  O Amor N\u00e3o Sabe Esperar\" width=\"584\" height=\"329\" src=\"https:\/\/www.youtube.com\/embed\/tdzzL-uFrPg?feature=oembed\" frameborder=\"0\" allow=\"accelerometer; autoplay; clipboard-write; encrypted-media; gyroscope; picture-in-picture; web-share\" referrerpolicy=\"strict-origin-when-cross-origin\" allowfullscreen><\/iframe><\/p>\n","protected":false},"excerpt":{"rendered":"<p>&nbsp; \u201cO que perturba os homens n\u00e3o s\u00e3o\u00a0as\u00a0coisas, e sim as opini\u00f5es que eles t\u00eam em rela\u00e7\u00e3o \u00e0s\u00a0coisas.\u201d -Epicteto &#x1f4e3;Onde voc\u00ea encontra seu ref\u00fagio? Quem \u00e9 seu colo? &#x1f926;&#x1f3fb;&#x200d;&#x2640;&#xfe0f;Que rea\u00e7\u00f5es marcaram a forma de voce vIver A VIDA? &#x1f4d3;&#8221;O passado &hellip; <a href=\"https:\/\/memoriasdeumadvogado.com\/?p=20616\">Continue lendo <span class=\"meta-nav\">&rarr;<\/span><\/a><\/p>\n","protected":false},"author":1,"featured_media":0,"comment_status":"open","ping_status":"open","sticky":false,"template":"","format":"quote","meta":{"footnotes":""},"categories":[7,522,515],"tags":[],"class_list":["post-20616","post","type-post","status-publish","format-quote","hentry","category-frases-soltas","category-mpb","category-trilha-sonora","post_format-post-format-quote"],"_links":{"self":[{"href":"https:\/\/memoriasdeumadvogado.com\/index.php?rest_route=\/wp\/v2\/posts\/20616","targetHints":{"allow":["GET"]}}],"collection":[{"href":"https:\/\/memoriasdeumadvogado.com\/index.php?rest_route=\/wp\/v2\/posts"}],"about":[{"href":"https:\/\/memoriasdeumadvogado.com\/index.php?rest_route=\/wp\/v2\/types\/post"}],"author":[{"embeddable":true,"href":"https:\/\/memoriasdeumadvogado.com\/index.php?rest_route=\/wp\/v2\/users\/1"}],"replies":[{"embeddable":true,"href":"https:\/\/memoriasdeumadvogado.com\/index.php?rest_route=%2Fwp%2Fv2%2Fcomments&post=20616"}],"version-history":[{"count":16,"href":"https:\/\/memoriasdeumadvogado.com\/index.php?rest_route=\/wp\/v2\/posts\/20616\/revisions"}],"predecessor-version":[{"id":20638,"href":"https:\/\/memoriasdeumadvogado.com\/index.php?rest_route=\/wp\/v2\/posts\/20616\/revisions\/20638"}],"wp:attachment":[{"href":"https:\/\/memoriasdeumadvogado.com\/index.php?rest_route=%2Fwp%2Fv2%2Fmedia&parent=20616"}],"wp:term":[{"taxonomy":"category","embeddable":true,"href":"https:\/\/memoriasdeumadvogado.com\/index.php?rest_route=%2Fwp%2Fv2%2Fcategories&post=20616"},{"taxonomy":"post_tag","embeddable":true,"href":"https:\/\/memoriasdeumadvogado.com\/index.php?rest_route=%2Fwp%2Fv2%2Ftags&post=20616"}],"curies":[{"name":"wp","href":"https:\/\/api.w.org\/{rel}","templated":true}]}}