{"id":20083,"date":"2026-03-03T00:16:11","date_gmt":"2026-03-03T00:16:11","guid":{"rendered":"https:\/\/memoriasdeumadvogado.com\/?p=20083"},"modified":"2026-03-09T03:33:21","modified_gmt":"2026-03-09T03:33:21","slug":"a-responsabilidade-coletiva-na-gestao-de-seus-residuos-intimos","status":"publish","type":"post","link":"https:\/\/memoriasdeumadvogado.com\/?p=20083","title":{"rendered":"A responsabilidade coletiva na gest\u00e3o de seus res\u00edduos \u00edntimos"},"content":{"rendered":"<p><a href=\"https:\/\/memoriasdeumadvogado.com\/?attachment_id=20460\" rel=\"attachment wp-att-20460\"><img loading=\"lazy\" decoding=\"async\" class=\"alignnone size-medium wp-image-20460\" src=\"https:\/\/memoriasdeumadvogado.com\/wp-content\/uploads\/2025\/11\/Lixo-emocional-3-600x451.png\" alt=\"\" width=\"600\" height=\"451\" srcset=\"https:\/\/memoriasdeumadvogado.com\/wp-content\/uploads\/2025\/11\/Lixo-emocional-3-600x451.png 600w, https:\/\/memoriasdeumadvogado.com\/wp-content\/uploads\/2025\/11\/Lixo-emocional-3-768x577.png 768w, https:\/\/memoriasdeumadvogado.com\/wp-content\/uploads\/2025\/11\/Lixo-emocional-3-399x300.png 399w, https:\/\/memoriasdeumadvogado.com\/wp-content\/uploads\/2025\/11\/Lixo-emocional-3.png 1033w\" sizes=\"auto, (max-width: 600px) 100vw, 600px\" \/><\/a><\/p>\n<blockquote><p><strong><span style=\"color: #999999;\">&#8220;\u2060Quando um homem planta uma \u00e1rvore sabendo que nunca ir\u00e1 se sentar na sombra dela, ele come\u00e7ou a entender o sentido da vida&#8221;. (autor desconhecido)<\/span><\/strong><\/p><\/blockquote>\n<div class=\"gmail-x14z9mp gmail-xat24cr gmail-x1lziwak gmail-x1vvkbs gmail-xtlvy1s gmail-x126k92a\">\n<p>&nbsp;<\/p>\n<\/div>\n<div class=\"html-div xdj266r x14z9mp xat24cr x1lziwak xexx8yu xyri2b x18d9i69 x1c1uobl\">\n<div class=\"html-div xdj266r x14z9mp xat24cr x1lziwak xexx8yu xyri2b x18d9i69 x1c1uobl\" dir=\"auto\">\n<div class=\"html-div xdj266r x14z9mp xat24cr x1lziwak xexx8yu xyri2b x18d9i69 x1c1uobl\" data-ad-rendering-role=\"story_message\">\n<div class=\"x1iorvi4 xjkvuk6 x1g0dm76 xpdmqnj\" data-ad-comet-preview=\"message\" data-ad-preview=\"message\">\n<div class=\"x78zum5 xdt5ytf xz62fqu x16ldp7u\">\n<div class=\"xu06os2 x1ok221b\">\n<div class=\"html-div xdj266r x14z9mp xat24cr x1lziwak xexx8yu xyri2b x18d9i69 x1c1uobl\">\n<div class=\"x14z9mp xat24cr x1lziwak x1vvkbs xtlvy1s x126k92a\">\n<p>O exerc\u00edcio da advocacia \u00e9 frequentemente repleto de dramaticidade. E as situa\u00e7\u00f5es enfrentadas por um escrit\u00f3rio de advocacia superam a imagina\u00e7\u00e3o, pois na maioria das vezes refletem as dificuldades socias, pessoais, familiares, culturais e econ\u00f4mica de uma sociedade.<\/p>\n<p>E uma narrativa muito comum e que pretendo compartilhar com o leitor: \u00e9 sobre a\u00a0perda de\u00a0um\u00a0parceiro (a),\u00a0 uma das\u00a0viv\u00eancias\u00a0mais\u00a0sofridas\u00a0que\u00a0algu\u00e9m pode enfrentar, ,\u00a0frequentemente\u00a0referida\u00a0como a\u00a0sensa\u00e7\u00e3o\u00a0de\u00a0ter perdido\u00a0uma parte de si, da rotina,\u00a0\u00a0da seguran\u00e7a e dos planos futuros.<\/p>\n<p>\u00c9\u00a0ainda\u00a0mais\u00a0doloroso \u00e9 perder um par que servia de suporte fundamental e organizava \u00a0a vida\u00a0 administrativa,\u00a0pois\u00a0isso\u00a0configura\u00a0um tipo\u00a0de &#8220;luto duplo&#8221;: lamenta-se tanto a \u00a0aus\u00eancia\u00a0afetiva\u00a0quanto\u00a0a\u00a0desestrutura\u00e7\u00e3o\u00a0da seguran\u00e7a.<\/p>\n<p>O indiv\u00edduo se sente confuso e incapaz de enfrentar os desafios burocr\u00e1ticos, pois sempre contou com a presen\u00e7a de uma pessoa que o apoiava.<\/p>\n<p>E com a morte desse parceiro (a), ele se v\u00ea desorientado(a). Essa situa\u00e7\u00e3o \u00e9 bastante frequente e a sensa\u00e7\u00e3o de vulnerabilidade \u00e9 uma rea\u00e7\u00e3o comum. \u200b Contudo, com essa conduta o sujeito acaba atraindo indiv\u00edduos com inten\u00e7\u00f5es negativas. A pessoa ainda n\u00e3o aprendeu a se defender.<\/p>\n<p>Recentemente tive um caso que se assemelha muito a esse tipo de situa\u00e7\u00e3o. Um(a) cliente perdeu o seu companheiro(a) de anos. Que o protegia de tudo.\u200b\u00a0Com sugest\u00e3o de aux\u00edlio,\u00a0apareceu\u00a0um\u00a0familiar\u00a0de\u00a0outra cidade.<\/p>\n<p>Assim\u00a0que \u00a0encontrei a figura,\u00a0percebi que\u00a0ele\u00a0n\u00e3o\u00a0era uma pessoa\u00a0de confian\u00e7a! E ainda por cima \u00e9 aquele tipo que se acha. &#8220;A\u00a0<em>cereja do bolo&#8221;.<\/em><\/p>\n<p>N\u00e3o satisfeito a figura decidiu se aproximar de mim. E inventou como pretexto que tinha um processo que queria me passar. Mas, como defendo a express\u00e3o popular.&#8221;<strong>O seguro morreu de velho&#8221;.\u200b\u00a0<\/strong><\/p>\n<p>Decidi dar um Google na figura, procurar\u00a0 red flags(bandeira vermelha). Confirmando as minhas suspeitas, descobri que o cara\u00a0estava &#8220;t\u00e3o sujo quanto um pau de galinheiro&#8221;.<\/p>\n<p>Quando compartilhei isso com o cliente. O tal parente come\u00e7ou a querer me esculachar,\u00a0 criticar, jogar os seus\u00a0\u00a0\u200bd<strong>estro\u00e7os\u00a0<\/strong>em cima de mim.<\/p>\n<p>No mesmo ensejo me liga outro cliente contando que quando a\u00a0 \u201cex-mulher leu a minha contesta\u00e7\u00e3o,\u00a0 surtou\u201d! Completamente descompensada, virada no Jiraya. &#8220;Soltando fuma\u00e7a pelas ventas&#8221;, \u00a0come\u00e7ou a deixar v\u00e1rios \u00e1udios para ele me excomungando!\u200b<\/p>\n<p>E ele queria me repassar, respondi para ele que n\u00e3o: nem ia me dar ao trabalho de ouvir o que ela estava dizendo. Contei para ele sobre o epis\u00f3dio acima e finalizei falando que n\u00e3o me deixo levar pela\u00a0 negatividade,\u00a0opini\u00f5es t\u00f3xicas e emo\u00e7\u00f5es descontroladas alheias.<\/p>\n<p>A vida me ensinou a ter disciplina emocional:\u00a0 a filtrar o que recebo a separar o que \u00e9 meu e o que \u00e9 do outro.\u00a0 Diferenciar cr\u00edticas construtivas (que ajudam a evoluir) de opini\u00f5es baseadas apenas na amargura alheia. \u200b<\/p>\n<p>N\u00e3o gasto energia com esse tipo de gente.\u00a0 Foco nas pessoas que me avaliam e me\u00a0 inspiram a dar o meu melhor.<\/p>\n<p>Acredito que agindo assim evito carregar &#8220;lixo emocional&#8221; alheio. Afinal, carregar uma bagagem emocional pesada \u00e9 muito desgastante. Atrapalha a caminhada e acaba reverberando para todos os setores da nossa vida.<\/p>\n<p>Por outro lado, tamb\u00e9m temos que nos esfor\u00e7ar para n\u00e3o fazer das outras pessoas dep\u00f3sito d\u200bos nossos\u00a0lixo\u200bs(emocional e comportamental)\u200b temos que aprender\u00a0a cuidar dos\u200b nossos\u00a0\u00a0res\u00edduos\u00a0\u200b,\u00a0<strong>O lixo do outro \u00e9 do outro<\/strong>. O meu lixo \u00e9 meu\u200b.<\/p>\n<p><strong>Dica muito importante<\/strong>&#x1f4e2;Escolha n\u00e3o carregar fardos desnecesss\u00e1rios, ative a disposi\u00e7\u00e3o sincera de n\u00e3o adicionar peso ao que possui carga pr\u00f3pria,\u00a0 e se abra para dialogar com as possibilidades e aceita\u00e7\u00e3o diante das circunst\u00e2ncias, <strong><span style=\"color: #000000;\">Descubra a import\u00e2ncia de viver com mais leveza<\/span><\/strong><\/p>\n<\/div>\n<\/div>\n<\/div>\n<\/div>\n<\/div>\n<\/div>\n<\/div>\n<\/div>\n<div>\n<div class=\"xabvvm4 xeyy32k x1ia1hqs x1a2w583 x6ikm8r x10wlt62\" data-visualcompletion=\"ignore-dynamic\">\n<div class=\"x1n2onr6\">\n<div dir=\"auto\">\n<p>&#x1f449;&#x1f3fb;&#x1f449;&#x1f3fb;<strong><span style=\"color: #0000ff;\">https:\/\/iconografiadahistoria.com.br\/2021\/01\/21\/o-caso-da-feminista-que-matou-o-irmao-de-nelson-rodrigues\/<\/span><\/strong><\/p>\n<\/div>\n<div class=\"x6s0dn4 xi81zsa x78zum5 x6prxxf x13a6bvl xvq8zen xdj266r xat24cr x1c1uobl xyri2b x80vd3b x1q0q8m5 xso031l x1diwwjn xbmvrgn x10b6aqq x1yrsyyn\">\n<div class=\"x9f619 x1ja2u2z x78zum5 x2lah0s x1n2onr6 x1qughib x1qjc9v5 xozqiw3 x1q0g3np xyri2b x1c1uobl x1ws5yxj xw01apr x4cne27 xifccgj x123j3cw xs9asl8\">\n<div dir=\"auto\"><\/div>\n<\/div>\n<\/div>\n<\/div>\n<\/div>\n<\/div>\n<p><iframe loading=\"lazy\" title=\"Novos Baianos - Na cade\u0302ncia do samba (&quot;Acabou Chorare - Novos Baianos Se Encontram) [V\u00eddeo Oficial]\" width=\"584\" height=\"329\" src=\"https:\/\/www.youtube.com\/embed\/7sICDAWBG3s?feature=oembed\" frameborder=\"0\" allow=\"accelerometer; autoplay; clipboard-write; encrypted-media; gyroscope; picture-in-picture; web-share\" referrerpolicy=\"strict-origin-when-cross-origin\" allowfullscreen><\/iframe><\/p>\n<p>&nbsp;<\/p>\n<p>&nbsp;<\/p>\n","protected":false},"excerpt":{"rendered":"<p>&#8220;\u2060Quando um homem planta uma \u00e1rvore sabendo que nunca ir\u00e1 se sentar na sombra dela, ele come\u00e7ou a entender o sentido da vida&#8221;. (autor desconhecido) &nbsp; O exerc\u00edcio da advocacia \u00e9 frequentemente repleto de dramaticidade. E as situa\u00e7\u00f5es enfrentadas por &hellip; <a href=\"https:\/\/memoriasdeumadvogado.com\/?p=20083\">Continue lendo <span class=\"meta-nav\">&rarr;<\/span><\/a><\/p>\n","protected":false},"author":1,"featured_media":0,"comment_status":"open","ping_status":"open","sticky":false,"template":"","format":"quote","meta":{"footnotes":""},"categories":[8,525,515],"tags":[626,627,434,628],"class_list":["post-20083","post","type-post","status-publish","format-quote","hentry","category-assuntos-diversos","category-samba","category-trilha-sonora","tag-defesa","tag-lixo-emocional","tag-luto","tag-opinioes-toxicas-e-emocoes-descontroladas","post_format-post-format-quote"],"_links":{"self":[{"href":"https:\/\/memoriasdeumadvogado.com\/index.php?rest_route=\/wp\/v2\/posts\/20083","targetHints":{"allow":["GET"]}}],"collection":[{"href":"https:\/\/memoriasdeumadvogado.com\/index.php?rest_route=\/wp\/v2\/posts"}],"about":[{"href":"https:\/\/memoriasdeumadvogado.com\/index.php?rest_route=\/wp\/v2\/types\/post"}],"author":[{"embeddable":true,"href":"https:\/\/memoriasdeumadvogado.com\/index.php?rest_route=\/wp\/v2\/users\/1"}],"replies":[{"embeddable":true,"href":"https:\/\/memoriasdeumadvogado.com\/index.php?rest_route=%2Fwp%2Fv2%2Fcomments&post=20083"}],"version-history":[{"count":66,"href":"https:\/\/memoriasdeumadvogado.com\/index.php?rest_route=\/wp\/v2\/posts\/20083\/revisions"}],"predecessor-version":[{"id":20557,"href":"https:\/\/memoriasdeumadvogado.com\/index.php?rest_route=\/wp\/v2\/posts\/20083\/revisions\/20557"}],"wp:attachment":[{"href":"https:\/\/memoriasdeumadvogado.com\/index.php?rest_route=%2Fwp%2Fv2%2Fmedia&parent=20083"}],"wp:term":[{"taxonomy":"category","embeddable":true,"href":"https:\/\/memoriasdeumadvogado.com\/index.php?rest_route=%2Fwp%2Fv2%2Fcategories&post=20083"},{"taxonomy":"post_tag","embeddable":true,"href":"https:\/\/memoriasdeumadvogado.com\/index.php?rest_route=%2Fwp%2Fv2%2Ftags&post=20083"}],"curies":[{"name":"wp","href":"https:\/\/api.w.org\/{rel}","templated":true}]}}